{"id":1,"date":"2015-10-27T22:14:18","date_gmt":"2015-10-27T21:14:18","guid":{"rendered":"https:\/\/blogs.urz.uni-halle.de\/datenpower\/?p=1"},"modified":"2015-11-06T10:39:44","modified_gmt":"2015-11-06T09:39:44","slug":"hallo-welt","status":"publish","type":"post","link":"https:\/\/blogs.urz.uni-halle.de\/datenpower\/2015\/10\/hallo-welt\/","title":{"rendered":"Auf die Pl\u00e4tze, fertig, los!"},"content":{"rendered":"<p>Den Start im neuen Haus (GSZ) wollten wir z\u00fcnftig beginnen: N\u00e4mlich mit einem gemeinsamen, fach\u00fcbergreifenden Projekt innerhalb der Philosophischen Fakult\u00e4t I. Lange brauchten wir daher nicht \u00fcberlegen, als die Gleichstellungsbeauftragten eine Ausschreibung zur &#8222;Unterst\u00fctzung f\u00fcr Professorinnen, Nachwuchswissenschaftlerinnen und Studentinnen durch die F\u00f6rderung von fakult\u00e4tsspezifischen Gleichstellungsprojekten&#8220;\u00a0herumschickten. Die Idee, Workshops zum Forschungsdatenmanagement zu veranstalten, war schnell geboren. Mit diesem Plan haben wir uns schon l\u00e4nger befasst und nach einer geeigneten Form gesucht. Daher war die Freude gro\u00df,\u00a0als unser Projekt tats\u00e4chlich den Zuschlag bekam. Ein Jahr lang werden wir jetzt von Oktober 2015 bis September 2016 Methoden, Techniken und Strategien des Forschungsdatenmanagements unter den Frauen der Fakult\u00e4t bekannt machen. Wer sich daf\u00fcr schon jetzt interessiert, kann sich gerne mit Fragen und Anregungen an uns wenden. Ganz offiziell startet das Projekt am 29. Oktober 2015 mit einer kleinen Pr\u00e4sentation um 18:00 Uhr\u00a0im Familienraum der Philosophischen Fakult\u00e4t I in der Emil-Abderhalden-Str. 28.<\/p>\n<p>&nbsp;<\/p>\n","protected":false},"excerpt":{"rendered":"<p>Den Start im neuen Haus (GSZ) wollten wir z\u00fcnftig beginnen: N\u00e4mlich mit einem gemeinsamen, fach\u00fcbergreifenden Projekt innerhalb der Philosophischen Fakult\u00e4t I. Lange brauchten wir daher nicht \u00fcberlegen, als die Gleichstellungsbeauftragten eine Ausschreibung zur &#8222;Unterst\u00fctzung f\u00fcr Professorinnen, Nachwuchswissenschaftlerinnen und Studentinnen durch die F\u00f6rderung von fakult\u00e4tsspezifischen Gleichstellungsprojekten&#8220;\u00a0herumschickten. Die Idee, Workshops zum Forschungsdatenmanagement zu veranstalten, war schnell geboren.&hellip;<a href=\"https:\/\/blogs.urz.uni-halle.de\/datenpower\/2015\/10\/hallo-welt\/\">Weiterlesen <span class=\"screen-reader-text\">Auf die Pl\u00e4tze, fertig, los!<\/span><\/a><\/p>\n","protected":false},"author":48,"featured_media":0,"comment_status":"open","ping_status":"open","sticky":false,"template":"","format":"standard","meta":[],"categories":[1],"tags":[],"_links":{"self":[{"href":"https:\/\/blogs.urz.uni-halle.de\/datenpower\/wp-json\/wp\/v2\/posts\/1"}],"collection":[{"href":"https:\/\/blogs.urz.uni-halle.de\/datenpower\/wp-json\/wp\/v2\/posts"}],"about":[{"href":"https:\/\/blogs.urz.uni-halle.de\/datenpower\/wp-json\/wp\/v2\/types\/post"}],"author":[{"embeddable":true,"href":"https:\/\/blogs.urz.uni-halle.de\/datenpower\/wp-json\/wp\/v2\/users\/48"}],"replies":[{"embeddable":true,"href":"https:\/\/blogs.urz.uni-halle.de\/datenpower\/wp-json\/wp\/v2\/comments?post=1"}],"version-history":[{"count":9,"href":"https:\/\/blogs.urz.uni-halle.de\/datenpower\/wp-json\/wp\/v2\/posts\/1\/revisions"}],"predecessor-version":[{"id":47,"href":"https:\/\/blogs.urz.uni-halle.de\/datenpower\/wp-json\/wp\/v2\/posts\/1\/revisions\/47"}],"wp:attachment":[{"href":"https:\/\/blogs.urz.uni-halle.de\/datenpower\/wp-json\/wp\/v2\/media?parent=1"}],"wp:term":[{"taxonomy":"category","embeddable":true,"href":"https:\/\/blogs.urz.uni-halle.de\/datenpower\/wp-json\/wp\/v2\/categories?post=1"},{"taxonomy":"post_tag","embeddable":true,"href":"https:\/\/blogs.urz.uni-halle.de\/datenpower\/wp-json\/wp\/v2\/tags?post=1"}],"curies":[{"name":"wp","href":"https:\/\/api.w.org\/{rel}","templated":true}]}}