{"id":188,"date":"2018-02-27T17:07:02","date_gmt":"2018-02-27T16:07:02","guid":{"rendered":"https:\/\/blogs.urz.uni-halle.de\/ehumanities\/?p=188"},"modified":"2019-03-26T00:01:45","modified_gmt":"2019-03-25T23:01:45","slug":"ag-digital-humanities-mitteldeutschland-an-der-saw","status":"publish","type":"post","link":"https:\/\/blogs.urz.uni-halle.de\/ehumanities\/2018\/02\/ag-digital-humanities-mitteldeutschland-an-der-saw\/","title":{"rendered":"WG &#8220;Digital Humanities in Central Germany&#8221;"},"content":{"rendered":"<p>An der S\u00e4chsischen Akademie der Wissenschaften zu Leipzig (SAW) wurde am 13. Februar die Arbeitsgruppe \u201eDigital Humanities Mitteldeutschland\u201c gegr\u00fcndet. Das Institut f\u00fcr Informatik der Martin-Luther-Universit\u00e4t wirkt in Person von Jun.-Prof. Dr. Mark Hall, Prof. Dr. Paul Molitor und Dr. J\u00f6rg Ritter \u00a0in der Arbeitsgruppe mit. Prof. Dr. Hall ist zudem einer der drei kommissarischen Sprecher der Arbeitsgruppe.<\/p>\n<p>Siehe <a href=\"http:\/\/newsletter.uni-halle.de\/f-Jsreq-d-newsletter.html?id=191\">Pressemeldung der Martin-Luther-Universit\u00e4t.<\/a><\/p>\n","protected":false},"excerpt":{"rendered":"<p>An der S\u00e4chsischen Akademie der Wissenschaften zu Leipzig (SAW) wurde am 13. Februar die Arbeitsgruppe \u201eDigital Humanities Mitteldeutschland\u201c gegr\u00fcndet. Das Institut f\u00fcr Informatik der Martin-Luther-Universit\u00e4t wirkt in Person von Jun.-Prof. Dr. Mark Hall, Prof. Dr. Paul Molitor und Dr. J\u00f6rg &hellip; <a href=\"https:\/\/blogs.urz.uni-halle.de\/ehumanities\/2018\/02\/ag-digital-humanities-mitteldeutschland-an-der-saw\/\">Continue reading <span class=\"meta-nav\">&rarr;<\/span><\/a><\/p>\n","protected":false},"author":3081,"featured_media":0,"comment_status":"open","ping_status":"open","sticky":false,"template":"","format":"standard","meta":{"ngg_post_thumbnail":0},"categories":[1,4],"tags":[],"_links":{"self":[{"href":"https:\/\/blogs.urz.uni-halle.de\/ehumanities\/wp-json\/wp\/v2\/posts\/188"}],"collection":[{"href":"https:\/\/blogs.urz.uni-halle.de\/ehumanities\/wp-json\/wp\/v2\/posts"}],"about":[{"href":"https:\/\/blogs.urz.uni-halle.de\/ehumanities\/wp-json\/wp\/v2\/types\/post"}],"author":[{"embeddable":true,"href":"https:\/\/blogs.urz.uni-halle.de\/ehumanities\/wp-json\/wp\/v2\/users\/3081"}],"replies":[{"embeddable":true,"href":"https:\/\/blogs.urz.uni-halle.de\/ehumanities\/wp-json\/wp\/v2\/comments?post=188"}],"version-history":[{"count":8,"href":"https:\/\/blogs.urz.uni-halle.de\/ehumanities\/wp-json\/wp\/v2\/posts\/188\/revisions"}],"predecessor-version":[{"id":295,"href":"https:\/\/blogs.urz.uni-halle.de\/ehumanities\/wp-json\/wp\/v2\/posts\/188\/revisions\/295"}],"wp:attachment":[{"href":"https:\/\/blogs.urz.uni-halle.de\/ehumanities\/wp-json\/wp\/v2\/media?parent=188"}],"wp:term":[{"taxonomy":"category","embeddable":true,"href":"https:\/\/blogs.urz.uni-halle.de\/ehumanities\/wp-json\/wp\/v2\/categories?post=188"},{"taxonomy":"post_tag","embeddable":true,"href":"https:\/\/blogs.urz.uni-halle.de\/ehumanities\/wp-json\/wp\/v2\/tags?post=188"}],"curies":[{"name":"wp","href":"https:\/\/api.w.org\/{rel}","templated":true}]}}