{"id":26,"date":"2017-11-24T11:56:46","date_gmt":"2017-11-24T10:56:46","guid":{"rendered":"https:\/\/blogs.urz.uni-halle.de\/ehumanities\/?p=26"},"modified":"2017-12-12T15:05:53","modified_gmt":"2017-12-12T14:05:53","slug":"professur-fuer-ehumanities-ab-januar-2018-besetzt","status":"publish","type":"post","link":"https:\/\/blogs.urz.uni-halle.de\/ehumanities\/2017\/11\/professur-fuer-ehumanities-ab-januar-2018-besetzt\/","title":{"rendered":"Professur f\u00fcr eHumanities ab Januar 2018 besetzt"},"content":{"rendered":"<p>Mark Hall wird ab dem 1. Januar 2018 die Juniorprofessur f\u00fcr eHumanities am Institut f\u00fcr Informatik der MLU inne haben. Mark Hall hat an der Alpen-Adria Universit\u00e4t Klagenfurt studiert und war anschlie\u00dfend an der Cardiff University, der University of Sheffield und der Edge Hill University t\u00e4tig. Mehr Information zu Mark Hall finden Sie unter seiner <a href=\"https:\/\/www.edgehill.ac.uk\/computerscience\/academic-staff\/mark-hall\/\">Homepage<\/a> an der Edge Hill University.<\/p>\n","protected":false},"excerpt":{"rendered":"<p>Mark Hall wird ab dem 1. Januar 2018 die Juniorprofessur f\u00fcr eHumanities am Institut f\u00fcr Informatik der MLU inne haben. Mark Hall hat an der Alpen-Adria Universit\u00e4t Klagenfurt studiert und war anschlie\u00dfend an der Cardiff University, der University of Sheffield &hellip; <a href=\"https:\/\/blogs.urz.uni-halle.de\/ehumanities\/2017\/11\/professur-fuer-ehumanities-ab-januar-2018-besetzt\/\">Continue reading <span class=\"meta-nav\">&rarr;<\/span><\/a><\/p>\n","protected":false},"author":3081,"featured_media":0,"comment_status":"open","ping_status":"open","sticky":false,"template":"","format":"standard","meta":{"ngg_post_thumbnail":0},"categories":[1,4],"tags":[],"_links":{"self":[{"href":"https:\/\/blogs.urz.uni-halle.de\/ehumanities\/wp-json\/wp\/v2\/posts\/26"}],"collection":[{"href":"https:\/\/blogs.urz.uni-halle.de\/ehumanities\/wp-json\/wp\/v2\/posts"}],"about":[{"href":"https:\/\/blogs.urz.uni-halle.de\/ehumanities\/wp-json\/wp\/v2\/types\/post"}],"author":[{"embeddable":true,"href":"https:\/\/blogs.urz.uni-halle.de\/ehumanities\/wp-json\/wp\/v2\/users\/3081"}],"replies":[{"embeddable":true,"href":"https:\/\/blogs.urz.uni-halle.de\/ehumanities\/wp-json\/wp\/v2\/comments?post=26"}],"version-history":[{"count":6,"href":"https:\/\/blogs.urz.uni-halle.de\/ehumanities\/wp-json\/wp\/v2\/posts\/26\/revisions"}],"predecessor-version":[{"id":130,"href":"https:\/\/blogs.urz.uni-halle.de\/ehumanities\/wp-json\/wp\/v2\/posts\/26\/revisions\/130"}],"wp:attachment":[{"href":"https:\/\/blogs.urz.uni-halle.de\/ehumanities\/wp-json\/wp\/v2\/media?parent=26"}],"wp:term":[{"taxonomy":"category","embeddable":true,"href":"https:\/\/blogs.urz.uni-halle.de\/ehumanities\/wp-json\/wp\/v2\/categories?post=26"},{"taxonomy":"post_tag","embeddable":true,"href":"https:\/\/blogs.urz.uni-halle.de\/ehumanities\/wp-json\/wp\/v2\/tags?post=26"}],"curies":[{"name":"wp","href":"https:\/\/api.w.org\/{rel}","templated":true}]}}