{"id":3842,"date":"2015-05-05T10:09:26","date_gmt":"2015-05-05T08:09:26","guid":{"rendered":"https:\/\/blogs.urz.uni-halle.de\/politikwissenschaft\/?p=3842"},"modified":"2015-05-05T10:10:33","modified_gmt":"2015-05-05T08:10:33","slug":"die-republica15-beginnt","status":"publish","type":"post","link":"https:\/\/blogs.urz.uni-halle.de\/politikwissenschaft\/2015\/05\/die-republica15-beginnt\/","title":{"rendered":"Die re:publica15 beginnt"},"content":{"rendered":"<p>In Berlin beginnt heute die re:publica15, bei der sich Netzaktivisten, Blogger und Internetforscher treffen, um \u00fcber aktuelle Herausforderungen zu diskutieren. Hauptthema dieser Konferenz, die 2007 erstmals stattfand, ist in diesem Jahr Europa. Der Tagesspiegel bietet einen knappen <a href=\"http:\/\/www.tagesspiegel.de\/wirtschaft\/re-publica-2015-von-asyl-ueber-youtube-zum-fairen-porno\/11727970.html\">\u00dcberblick<\/a> \u00fcber die Konferenz, das detaillierte Programm ist <a href=\"https:\/\/re-publica.de\">hier<\/a> zu finden. Die wichtigsten Vortr\u00e4ge und Diskussionen k\u00f6nnen <a href=\"http:\/\/www.spiegel.de\/netzwelt\/netzpolitik\/republica-2015-livestream-der-wichtigsten-vortraege-und-debatten-a-1031356.html\">hier<\/a> im Livestream verfolgt werden. <\/p>\n","protected":false},"excerpt":{"rendered":"<p>In Berlin beginnt heute die re:publica15, bei der sich Netzaktivisten, Blogger und Internetforscher treffen, um \u00fcber aktuelle Herausforderungen zu diskutieren. Hauptthema dieser Konferenz, die 2007 erstmals stattfand, ist in diesem Jahr Europa. Der Tagesspiegel bietet einen knappen \u00dcberblick \u00fcber die Konferenz, das detaillierte Programm ist hier zu finden. Die wichtigsten Vortr\u00e4ge und Diskussionen k\u00f6nnen hier [&hellip;]<\/p>\n","protected":false},"author":36,"featured_media":0,"comment_status":"open","ping_status":"open","sticky":false,"template":"","format":"standard","meta":{"ngg_post_thumbnail":0},"categories":[91],"tags":[72,41,289],"_links":{"self":[{"href":"https:\/\/blogs.urz.uni-halle.de\/politikwissenschaft\/wp-json\/wp\/v2\/posts\/3842"}],"collection":[{"href":"https:\/\/blogs.urz.uni-halle.de\/politikwissenschaft\/wp-json\/wp\/v2\/posts"}],"about":[{"href":"https:\/\/blogs.urz.uni-halle.de\/politikwissenschaft\/wp-json\/wp\/v2\/types\/post"}],"author":[{"embeddable":true,"href":"https:\/\/blogs.urz.uni-halle.de\/politikwissenschaft\/wp-json\/wp\/v2\/users\/36"}],"replies":[{"embeddable":true,"href":"https:\/\/blogs.urz.uni-halle.de\/politikwissenschaft\/wp-json\/wp\/v2\/comments?post=3842"}],"version-history":[{"count":3,"href":"https:\/\/blogs.urz.uni-halle.de\/politikwissenschaft\/wp-json\/wp\/v2\/posts\/3842\/revisions"}],"predecessor-version":[{"id":3845,"href":"https:\/\/blogs.urz.uni-halle.de\/politikwissenschaft\/wp-json\/wp\/v2\/posts\/3842\/revisions\/3845"}],"wp:attachment":[{"href":"https:\/\/blogs.urz.uni-halle.de\/politikwissenschaft\/wp-json\/wp\/v2\/media?parent=3842"}],"wp:term":[{"taxonomy":"category","embeddable":true,"href":"https:\/\/blogs.urz.uni-halle.de\/politikwissenschaft\/wp-json\/wp\/v2\/categories?post=3842"},{"taxonomy":"post_tag","embeddable":true,"href":"https:\/\/blogs.urz.uni-halle.de\/politikwissenschaft\/wp-json\/wp\/v2\/tags?post=3842"}],"curies":[{"name":"wp","href":"https:\/\/api.w.org\/{rel}","templated":true}]}}