{"id":546,"date":"2020-02-29T10:16:00","date_gmt":"2020-02-29T09:16:00","guid":{"rendered":"https:\/\/blogs.urz.uni-halle.de\/sintoma\/?p=546"},"modified":"2020-10-26T22:52:16","modified_gmt":"2020-10-26T21:52:16","slug":"pflege-im-fokus-2","status":"publish","type":"post","link":"https:\/\/blogs.urz.uni-halle.de\/sintoma\/2020\/02\/pflege-im-fokus-2\/","title":{"rendered":"Pflege im Fokus!"},"content":{"rendered":"\n<p> <strong>Am 29.02.2020 stand in Halle die Pflege im Fokus<\/strong> <\/p>\n\n\n\n<p> <\/p>\n\n\n\n<figure class=\"wp-block-image\"><img src=\"https:\/\/blogs.urz.uni-halle.de\/sintoma\/files\/2020\/04\/F822ECD2-B0CE-4F6E-AB52-2B02650D5E3F-1024x768.jpeg\" alt=\"Dieses Bild hat ein leeres Alt-Attribut. Der Dateiname ist F822ECD2-B0CE-4F6E-AB52-2B02650D5E3F-1024x768.jpeg\" \/><\/figure>\n\n\n\n<p> <strong>\u201e<\/strong>FCK DRG. Dankesch\u00f6n.\u201c <\/p>\n\n\n\n<p><strong>Pflegende und Politiker*innen kamen zu Wort!<\/strong><\/p>\n\n\n\n<p>Es gab viel zu h\u00f6ren, zu sehen, zu essen und zu unterhalten. Am Kuchenbasar konnte mensch sich gegen eine kleine Spende, die f\u00fcr die AMEOS &#8211; Streikenden gesammelt wurde, ein St\u00fcck Kuchen aussuchen. Auf der B\u00fchne lief von 12 bis 15:30 das Programm. Musik und Redebeitr\u00e4ge wechselten sich ab. Neben verd.i &#8211; Mitarbeiter*innen kamen auch einige Pflegende zu Wort, die \u00fcber miserable Arbeitsbedingungen, menschenunw\u00fcrdige Zust\u00e4nde und schlechte Bezahlungen berichteten. Auch Politiker*innen gaben L\u00f6sungsvorschl\u00e4ge und zeigten sich solidarisch mit den Pflegeberufen. Selbstverst\u00e4ndlich zeigten auch wir unsere Sicht auf die Dinge.<\/p>\n\n\n\n<p>\u201e<em>Die zum Teil unverst\u00e4ndlichen Reaktionen von Verantwortlichen der Politik zeigt einer breiten \u00d6ffentlichkeit, wie absurd die Ausw\u00fcchse des DRG-Systems aussehen und wie alleine Menschen gelassen werden, die jeden Tag ihr Bestes f\u00fcr die Gesundheit anderer geben. Die aktuellen Streiks sind nicht nur eine Auflehnung gegen \u00dcberlastung. Sie sind auch ein Symptom der Unzufriedenheit mit dem Finanzierungssystem mit all seinen Konsequenzen und Zw\u00e4ngen zu sehen und sollten auch als solches benannt werden.<\/em>\u201c Weiter sagten wir auch \u201e <em>Als Ursprung alldessens kann und muss das DRG-Fallschpauschalensystem benannt werden. Dieses Abrechnungssystem finanziert die Krankenh\u00e4user Deutschlands und erm\u00f6glicht es vor allem privaten Klinikbetreiber*innen Gewinne mit der Versorgung kranker Menschen zu machen<\/em>.\u201c<\/p>\n\n\n\n<p><strong>Was ist krank im Krankenhaus?<\/strong><\/p>\n\n\n\n<p>An unserem Stand konnten Interessierte mit uns ins Gespr\u00e4ch kommen. Diesmal hatten wir uns auch eine kleine Besonderheit ausgedacht. Auf einem Flipchart haben wir gefragt \u201eWas ist krank im Krankenhaus?\u201c. Mit Zitaten und beschriebenen Situationen wollten wir mittels Strichliste herausfinden, was den Leuten bekannt ist, ihnen aber auch selber die M\u00f6glichkeit geben, weitere Erfahrungen aufzuschreiben. Es kamen S\u00e4tze heraus wie \u201eDiagnosen werden aus finanziellen Gr\u00fcnden gestellt\u201c, \u201eEs wird zu viel \u00fcbereinander gesprochen, statt miteinander\u201c, \u201eZu wenig Anleitung f\u00fcr Auzubildende und Studierende\u201c.<\/p>\n\n\n\n<p>Eine detailliere Auswertung werden wir noch vornehmen.<\/p>\n\n\n\n<p>Alles in einem war es ein toller Tag mit viel Aktivismus und Solidarit\u00e4t. Wir w\u00fcnschen uns nun, dass der Kampf nicht aufh\u00f6rt, solange Gesundheit eine Ware ist.<\/p>\n\n\n<p><!--EndFragment--><\/p>","protected":false},"excerpt":{"rendered":"<p>Am 29.02.2020 stand in Halle die Pflege im Fokus \u201eFCK DRG. Dankesch\u00f6n.\u201c Pflegende und Politiker*innen kamen zu Wort! Es gab viel zu h\u00f6ren, zu sehen, zu essen und zu unterhalten. Am Kuchenbasar konnte mensch sich gegen eine kleine Spende, die &hellip; <a href=\"https:\/\/blogs.urz.uni-halle.de\/sintoma\/2020\/02\/pflege-im-fokus-2\/\">Weiterlesen <span class=\"meta-nav\">&rarr;<\/span><\/a><\/p>\n","protected":false},"author":4534,"featured_media":0,"comment_status":"open","ping_status":"open","sticky":false,"template":"","format":"standard","meta":[],"categories":[1],"tags":[],"_links":{"self":[{"href":"https:\/\/blogs.urz.uni-halle.de\/sintoma\/wp-json\/wp\/v2\/posts\/546"}],"collection":[{"href":"https:\/\/blogs.urz.uni-halle.de\/sintoma\/wp-json\/wp\/v2\/posts"}],"about":[{"href":"https:\/\/blogs.urz.uni-halle.de\/sintoma\/wp-json\/wp\/v2\/types\/post"}],"author":[{"embeddable":true,"href":"https:\/\/blogs.urz.uni-halle.de\/sintoma\/wp-json\/wp\/v2\/users\/4534"}],"replies":[{"embeddable":true,"href":"https:\/\/blogs.urz.uni-halle.de\/sintoma\/wp-json\/wp\/v2\/comments?post=546"}],"version-history":[{"count":2,"href":"https:\/\/blogs.urz.uni-halle.de\/sintoma\/wp-json\/wp\/v2\/posts\/546\/revisions"}],"predecessor-version":[{"id":561,"href":"https:\/\/blogs.urz.uni-halle.de\/sintoma\/wp-json\/wp\/v2\/posts\/546\/revisions\/561"}],"wp:attachment":[{"href":"https:\/\/blogs.urz.uni-halle.de\/sintoma\/wp-json\/wp\/v2\/media?parent=546"}],"wp:term":[{"taxonomy":"category","embeddable":true,"href":"https:\/\/blogs.urz.uni-halle.de\/sintoma\/wp-json\/wp\/v2\/categories?post=546"},{"taxonomy":"post_tag","embeddable":true,"href":"https:\/\/blogs.urz.uni-halle.de\/sintoma\/wp-json\/wp\/v2\/tags?post=546"}],"curies":[{"name":"wp","href":"https:\/\/api.w.org\/{rel}","templated":true}]}}