{"id":239,"date":"2022-03-10T08:55:52","date_gmt":"2022-03-10T07:55:52","guid":{"rendered":"https:\/\/blogs.urz.uni-halle.de\/stimmstark\/?p=239"},"modified":"2024-08-20T14:06:51","modified_gmt":"2024-08-20T12:06:51","slug":"podcast-stimme-persoenlichkeit","status":"publish","type":"post","link":"https:\/\/blogs.urz.uni-halle.de\/stimmstark\/podcast-stimme-persoenlichkeit\/","title":{"rendered":"Stimme und Pers\u00f6nlichkeit"},"content":{"rendered":"\n<figure class=\"wp-block-image size-large\"><img loading=\"lazy\" width=\"1024\" height=\"683\" src=\"https:\/\/blogs.urz.uni-halle.de\/stimmstark\/files\/2023\/12\/raimond-klavins-2QNFLX8fRbg-unsplash_-1024x683.jpg\" alt=\"\" class=\"wp-image-930\" srcset=\"https:\/\/blogs.urz.uni-halle.de\/stimmstark\/files\/2023\/12\/raimond-klavins-2QNFLX8fRbg-unsplash_-1024x683.jpg 1024w, https:\/\/blogs.urz.uni-halle.de\/stimmstark\/files\/2023\/12\/raimond-klavins-2QNFLX8fRbg-unsplash_-300x200.jpg 300w, https:\/\/blogs.urz.uni-halle.de\/stimmstark\/files\/2023\/12\/raimond-klavins-2QNFLX8fRbg-unsplash_-150x100.jpg 150w, https:\/\/blogs.urz.uni-halle.de\/stimmstark\/files\/2023\/12\/raimond-klavins-2QNFLX8fRbg-unsplash_-768x512.jpg 768w, https:\/\/blogs.urz.uni-halle.de\/stimmstark\/files\/2023\/12\/raimond-klavins-2QNFLX8fRbg-unsplash_-1536x1024.jpg 1536w, https:\/\/blogs.urz.uni-halle.de\/stimmstark\/files\/2023\/12\/raimond-klavins-2QNFLX8fRbg-unsplash_-1200x800.jpg 1200w, https:\/\/blogs.urz.uni-halle.de\/stimmstark\/files\/2023\/12\/raimond-klavins-2QNFLX8fRbg-unsplash_.jpg 1800w\" sizes=\"(max-width: 1024px) 100vw, 1024px\" \/><figcaption>\u00a9 Raimond Klavins<\/figcaption><\/figure>\n\n\n\n<p>Unsere Stimme wird als Ausdruck der Pers\u00f6nlichkeit wahrgenommen \u2014 \u00e4hnlich einem akustischen Fingerabdruck.<br>Von ihr schlie\u00dfen wir auf Alter, Geschlecht und sogar Attraktivit\u00e4t der Person. Gelingt es uns, die Stimme so zu formen, wie wir uns selber sehen?<\/p>\n\n\n\n<p>H\u00f6r dir diesen interessanten <a rel=\"noreferrer noopener\" href=\"https:\/\/www.deutschlandfunkkultur.de\/stimme-und-identitaet-unser-akustischer-fingerabdruck-100.html\" data-type=\"URL\" data-id=\"https:\/\/www.deutschlandfunkkultur.de\/stimme-und-identitaet-unser-akustischer-fingerabdruck-100.html\" target=\"_blank\">Radio-Podcast<\/a> zum Thema Stimme und Identit\u00e4t an! <\/p>\n","protected":false},"excerpt":{"rendered":"<p>Unsere Stimme wird als Ausdruck der Pers\u00f6nlichkeit wahrgenommen \u2014 \u00e4hnlich einem akustischen Fingerabdruck.Von ihr schlie\u00dfen wir auf Alter, Geschlecht und sogar Attraktivit\u00e4t der Person. Gelingt es uns, die Stimme so zu formen, wie wir uns selber sehen? H\u00f6r dir diesen interessanten Radio-Podcast zum Thema Stimme und Identit\u00e4t an!<\/p>\n","protected":false},"author":4995,"featured_media":0,"comment_status":"closed","ping_status":"open","sticky":false,"template":"","format":"standard","meta":{"ngg_post_thumbnail":0},"categories":[14],"tags":[48,47,26],"_links":{"self":[{"href":"https:\/\/blogs.urz.uni-halle.de\/stimmstark\/wp-json\/wp\/v2\/posts\/239"}],"collection":[{"href":"https:\/\/blogs.urz.uni-halle.de\/stimmstark\/wp-json\/wp\/v2\/posts"}],"about":[{"href":"https:\/\/blogs.urz.uni-halle.de\/stimmstark\/wp-json\/wp\/v2\/types\/post"}],"author":[{"embeddable":true,"href":"https:\/\/blogs.urz.uni-halle.de\/stimmstark\/wp-json\/wp\/v2\/users\/4995"}],"replies":[{"embeddable":true,"href":"https:\/\/blogs.urz.uni-halle.de\/stimmstark\/wp-json\/wp\/v2\/comments?post=239"}],"version-history":[{"count":10,"href":"https:\/\/blogs.urz.uni-halle.de\/stimmstark\/wp-json\/wp\/v2\/posts\/239\/revisions"}],"predecessor-version":[{"id":1035,"href":"https:\/\/blogs.urz.uni-halle.de\/stimmstark\/wp-json\/wp\/v2\/posts\/239\/revisions\/1035"}],"wp:attachment":[{"href":"https:\/\/blogs.urz.uni-halle.de\/stimmstark\/wp-json\/wp\/v2\/media?parent=239"}],"wp:term":[{"taxonomy":"category","embeddable":true,"href":"https:\/\/blogs.urz.uni-halle.de\/stimmstark\/wp-json\/wp\/v2\/categories?post=239"},{"taxonomy":"post_tag","embeddable":true,"href":"https:\/\/blogs.urz.uni-halle.de\/stimmstark\/wp-json\/wp\/v2\/tags?post=239"}],"curies":[{"name":"wp","href":"https:\/\/api.w.org\/{rel}","templated":true}]}}