{"id":544,"date":"2022-12-14T10:32:00","date_gmt":"2022-12-14T09:32:00","guid":{"rendered":"https:\/\/blogs.urz.uni-halle.de\/stimmstark\/?p=544"},"modified":"2023-09-01T09:16:27","modified_gmt":"2023-09-01T07:16:27","slug":"komm-doch-mehr-aus-dir-raus-vor-der-klasse","status":"publish","type":"post","link":"https:\/\/blogs.urz.uni-halle.de\/stimmstark\/komm-doch-mehr-aus-dir-raus-vor-der-klasse\/","title":{"rendered":"&#8222;Komm doch mehr aus dir raus vor der Klasse.&#8220;"},"content":{"rendered":"\n<h2 class=\"has-text-align-center has-normal-font-size\"> <span style=\"color:#db0f45\" class=\"tadv-color\"><span style=\"background-color:#f2f2f2\" class=\"tadv-background-color\">Mentor:innenqualifikation f\u00fcr Lehrkr\u00e4fte &#8222;K\u00f6rperausdruck und Sprechausdruck&#8220;<\/span><\/span><\/h2>\n\n\n\n<p>Mit dem oberen Zitat wird es schon deutlich: sehr h\u00e4ufig geht es in der Beratung von Referendar:innen oder Praktikant:innen um die Pr\u00e4senz vor der Klasse. Dabei spielen nat\u00fcrlich die Aspekte rund um Stimme, Sprechen und K\u00f6rperausdruck eine sehr gro\u00dfe Rolle. Um die Mentor:innen f\u00fcr diese Themen zu sensibilisieren, ihre Wahrnehmung zu sch\u00e4rfen, aber auch ihre Feedbackkompetenzen dahingehend zu erweitern, gibt es das Modul 5 in der Mentor:innenqualifizierung. <\/p>\n\n\n\n<figure class=\"wp-block-image size-large is-resized is-style-default\"><img loading=\"lazy\" src=\"https:\/\/blogs.urz.uni-halle.de\/stimmstark\/files\/2023\/02\/Modul-5.png\" alt=\"\" class=\"wp-image-545\" width=\"645\" height=\"426\" srcset=\"https:\/\/blogs.urz.uni-halle.de\/stimmstark\/files\/2023\/02\/Modul-5.png 645w, https:\/\/blogs.urz.uni-halle.de\/stimmstark\/files\/2023\/02\/Modul-5-300x198.png 300w, https:\/\/blogs.urz.uni-halle.de\/stimmstark\/files\/2023\/02\/Modul-5-150x99.png 150w\" sizes=\"(max-width: 645px) 100vw, 645px\" \/><figcaption>\u00a9 Luise Gebauer<\/figcaption><\/figure>\n\n\n\n<p>Wir haben f\u00fcr diese Fortbildung einen bunten Mix aus Theorie und Praxis rund um K\u00f6rperausdruck und Stimme im Gep\u00e4ck: so schauen wir erst einmal, was eigentlich K\u00f6rper- und Sprechausdruck alles umfasst. Im zweiten Schritt reflektieren wir mithilfe von Videoausschnitten aus dem Film &#8222;Zwischen den St\u00fchlen&#8220;, wie individuell K\u00f6rper- und Sprechausdruck auf uns wirken. Dabei loten wir auch aus, wie wir unsere Wahrnehmung in einem Feedback wertsch\u00e4tzend und konstruktiv formulieren k\u00f6nnen, damit die zuk\u00fcnftigen Lehrkr\u00e4fte in ihrer Entwicklung unterst\u00fctzt werden. Zuletzt besteht ein gro\u00dfer Teil dieses Fortbildungstags aus ganz praktischen \u00dcbungen rund um K\u00f6rper, Stimme und Sprechen. Denn die Selbsterfahrung ist sehr wertvoll, wenn man andere in diesem Bereich beraten m\u00f6chte. Und nat\u00fcrlich macht es auch einfach Spa\u00df, selbst mit K\u00f6rper- und Sprechausdruck zu experimentieren! <\/p>\n\n\n\n<figure class=\"wp-block-image size-large is-style-rounded\"><img loading=\"lazy\" width=\"719\" height=\"421\" src=\"https:\/\/blogs.urz.uni-halle.de\/stimmstark\/files\/2023\/02\/Buechertisch-Modul-5.png\" alt=\"\" class=\"wp-image-546\" srcset=\"https:\/\/blogs.urz.uni-halle.de\/stimmstark\/files\/2023\/02\/Buechertisch-Modul-5.png 719w, https:\/\/blogs.urz.uni-halle.de\/stimmstark\/files\/2023\/02\/Buechertisch-Modul-5-300x176.png 300w, https:\/\/blogs.urz.uni-halle.de\/stimmstark\/files\/2023\/02\/Buechertisch-Modul-5-150x88.png 150w\" sizes=\"(max-width: 719px) 100vw, 719px\" \/><figcaption><img loading=\"lazy\" width=\"645\" height=\"426\" src=\"https:\/\/blogs.urz.uni-halle.de\/stimmstark\/files\/2023\/02\/Modul-5.png\" alt=\"\">\u00a9 Luise Gebauer<\/figcaption><\/figure>\n","protected":false},"excerpt":{"rendered":"<p>Mentor:innenqualifikation f\u00fcr Lehrkr\u00e4fte &#8222;K\u00f6rperausdruck und Sprechausdruck&#8220; Mit dem oberen Zitat wird es schon deutlich: sehr h\u00e4ufig geht es in der Beratung von Referendar:innen oder Praktikant:innen um die Pr\u00e4senz vor der Klasse. Dabei spielen nat\u00fcrlich die Aspekte rund um Stimme, Sprechen und K\u00f6rperausdruck eine sehr gro\u00dfe Rolle. Um die Mentor:innen f\u00fcr diese Themen zu sensibilisieren, ihre [&hellip;]<\/p>\n","protected":false},"author":4994,"featured_media":0,"comment_status":"closed","ping_status":"open","sticky":false,"template":"","format":"standard","meta":{"ngg_post_thumbnail":0},"categories":[15],"tags":[24,25,23,27,26,28],"_links":{"self":[{"href":"https:\/\/blogs.urz.uni-halle.de\/stimmstark\/wp-json\/wp\/v2\/posts\/544"}],"collection":[{"href":"https:\/\/blogs.urz.uni-halle.de\/stimmstark\/wp-json\/wp\/v2\/posts"}],"about":[{"href":"https:\/\/blogs.urz.uni-halle.de\/stimmstark\/wp-json\/wp\/v2\/types\/post"}],"author":[{"embeddable":true,"href":"https:\/\/blogs.urz.uni-halle.de\/stimmstark\/wp-json\/wp\/v2\/users\/4994"}],"replies":[{"embeddable":true,"href":"https:\/\/blogs.urz.uni-halle.de\/stimmstark\/wp-json\/wp\/v2\/comments?post=544"}],"version-history":[{"count":6,"href":"https:\/\/blogs.urz.uni-halle.de\/stimmstark\/wp-json\/wp\/v2\/posts\/544\/revisions"}],"predecessor-version":[{"id":744,"href":"https:\/\/blogs.urz.uni-halle.de\/stimmstark\/wp-json\/wp\/v2\/posts\/544\/revisions\/744"}],"wp:attachment":[{"href":"https:\/\/blogs.urz.uni-halle.de\/stimmstark\/wp-json\/wp\/v2\/media?parent=544"}],"wp:term":[{"taxonomy":"category","embeddable":true,"href":"https:\/\/blogs.urz.uni-halle.de\/stimmstark\/wp-json\/wp\/v2\/categories?post=544"},{"taxonomy":"post_tag","embeddable":true,"href":"https:\/\/blogs.urz.uni-halle.de\/stimmstark\/wp-json\/wp\/v2\/tags?post=544"}],"curies":[{"name":"wp","href":"https:\/\/api.w.org\/{rel}","templated":true}]}}