{"id":144,"date":"2020-06-17T08:20:09","date_gmt":"2020-06-17T06:20:09","guid":{"rendered":"https:\/\/blogs.urz.uni-halle.de\/waldecker\/?p=144"},"modified":"2020-06-17T08:20:10","modified_gmt":"2020-06-17T06:20:10","slug":"aufgabe-und-auftrag","status":"publish","type":"post","link":"https:\/\/blogs.urz.uni-halle.de\/waldecker\/2020\/06\/aufgabe-und-auftrag\/","title":{"rendered":"Aufgabe und Auftrag"},"content":{"rendered":"\n<p>Vor einer Weile, in einem Gespr\u00e4ch unter K\u00fcnstlerinnen, kam ein Gedanke auf, der mich seitdem nicht losgelassen hat. Und heute fr\u00fch auf dem Fahrrad sah ich auf einmal eine Verbindung zur aktuellen Pandemie-Situation und mir wurde klar, dass ich dazu etwas schreiben m\u00f6chte.<\/p>\n\n\n\n<p>Mit der Unsicherheit und den vielen Fragen, die sich seit Mitte M\u00e4rz aufgetan haben, kam ich dadurch zurecht, dass ich mich immer wieder gefragt habe: Was ist gerade meine Aufgabe? Das passierte meistens unbewusst, und erst jetzt verstehe ich, dass diese Frage ganz gut als Navigator funktioniert hat, um in der Unsicherheit nicht ins Schwimmen zu geraten. Pr\u00e4senzlehre darf nicht stattfinden? Ok. Lehre geh\u00f6rt zu meinen Aufgaben (und zwar zu den besonders sch\u00f6nen), was also ist jetzt zu tun? Was f\u00fcr Infos brauche ich, was muss abgesprochen werden, und vor allem &#8211; was brauchen die Studis? Sofort war mir klar, was ich zu tun habe. Sprechstunden sind nicht mehr erlaubt? Ok. Was ist meine Aufgabe? Trotzdem ansprechbar f\u00fcr die Studis zu sein. Pr\u00e4senz zu zeigen, irgendwie den Kontakt zu halten und sie mit Infos zu versorgen. Bei Bedarf individuelle Absprachen treffen, telefonieren, irgendwie trotzdem einen Weg zum Austausch finden. <\/p>\n\n\n\n<p>Meine Dienstaufgaben sind recht frei formuliert, ich soll forschen, lehren und mich an der Selbstorganisation der Uni beteiligen. Also musste ich &#8222;nur&#8220; herausfinden, wie ich all das trotz der Einschr\u00e4nkungen tun kann. Aus dem Privileg, gut bezahlt zu werden und sicher versorgt zu sein (plus Dach \u00fcber dem Kopf plus Gesundheit) habe ich den Auftrag abgeleitet, alle Aufgaben weiterhin so gut wie m\u00f6glich zu erf\u00fcllen und zus\u00e4tzlich noch m\u00f6glichst gut da zu helfen, wo es Schwierigkeiten gibt. Was sind Ihre Aufgaben? Welchen Auftrag leiten Sie aus Ihrer aktuellen Situation ab? Erst mal klarkommen, das Studium geregelt kriegen, kleinere Geschwister oder Kinder versorgen, zum Lebensunterhalt beitragen, sich um kranke Angeh\u00f6rige k\u00fcmmern, Leute unterst\u00fctzen, die sozial isoliert sind, anderen Studis beim Lernen helfen,&#8230;..? Mir hilft die Frage &#8222;Was ist jetzt meine Aufgabe?&#8220; gerade extrem weiter. Sie h\u00e4lt das Ego in Schach, verhindert oft Kompetenzgerangel und hat mich bisher gut durch die Unsicherheit geleitet. <\/p>\n\n\n\n<p>Die Frage nach dem Auftrag ist in Wirklichkeit gr\u00f6\u00dfer, denn man kann sie verstehen als &#8222;Was soll ich in meinem Leben tun?&#8220;. Ich mag die Sichtweise, dass es nicht darum geht, was man bekommt (oder erreicht, verdient,..), sondern darum, was man beitr\u00e4gt. So kann sich aus eigenen Begabungen, Interessen oder auch schrecklichen Erfahrungen ein Auftrag ableiten, und der muss nicht das ganze Leben lang gleich bleiben. Wenn ich im H\u00f6rsaal stehe, auf einer Konferenz vortrage oder im Workshop rumwusle, lebe ich meinen Auftrag anders aus als als K\u00fcnstlerin. <\/p>\n\n\n\n<p>Je nach Weltanschauung kann es naheliegend sein, zu glauben, dass man Auftr\u00e4ge von Gott, den eigenen Vorfahren oder so bekommt. Oder dass es eben Schicksal ist, auf eine gewisse Weise durch&#8217;s Leben zu gehen. Aber auch ohne all das ist es m\u00f6glich, so etwas wie den eigenen Auftrag zu finden, und die letzten Monate fand ich da sehr erhellend. Da wurden n\u00e4mlich viele von uns auf sich selbst zur\u00fcckgeworfen und haben sich dadurch selbst besser kennengelernt. Ich wurde zum Beispiel noch d\u00fcnnh\u00e4utiger als sonst, \u00fcbersensibel und schnell verst\u00f6rt von der unterschwelligen Aggression, mit der manche auf die Situation reagiert haben. Gleichzeitig waren alle Kan\u00e4le weit offen f\u00fcr das, was in der Welt vorgeht und f\u00fcr die Menschen, die viel mehr unter den Einschr\u00e4kungen leiden als ich. Eine K\u00fcnstlerin brachte mich auf die Idee, dass genau diese Empfindungen mich auf die Spur zu meinem Auftrag f\u00fchren k\u00f6nnten. <\/p>\n\n\n\n<p>Und w\u00e4hrend sich in meinem Hinterkopf nach und nach die Puzzlest\u00fcckchen sortieren, m\u00f6chte ich Sie einladen, sich mit der gleichen Frage zu besch\u00e4ftigen. Inwiefern l\u00e4sst sich aus Ihren Erfahrungen und Ihrem Blick auf die Welt ein Auftrag ableiten?<\/p>\n\n\n\n<p> <\/p>\n","protected":false},"excerpt":{"rendered":"<p>Vor einer Weile, in einem Gespr\u00e4ch unter K\u00fcnstlerinnen, kam ein Gedanke auf, der mich seitdem nicht losgelassen hat. Und heute fr\u00fch auf dem Fahrrad sah ich auf einmal eine Verbindung zur aktuellen Pandemie-Situation und mir wurde klar, dass ich dazu etwas schreiben m\u00f6chte. Mit der Unsicherheit und den vielen Fragen, die sich seit Mitte M\u00e4rz [&hellip;]<\/p>\n","protected":false},"author":4215,"featured_media":0,"comment_status":"open","ping_status":"open","sticky":false,"template":"","format":"standard","meta":{"ngg_post_thumbnail":0},"categories":[1],"tags":[],"_links":{"self":[{"href":"https:\/\/blogs.urz.uni-halle.de\/waldecker\/wp-json\/wp\/v2\/posts\/144"}],"collection":[{"href":"https:\/\/blogs.urz.uni-halle.de\/waldecker\/wp-json\/wp\/v2\/posts"}],"about":[{"href":"https:\/\/blogs.urz.uni-halle.de\/waldecker\/wp-json\/wp\/v2\/types\/post"}],"author":[{"embeddable":true,"href":"https:\/\/blogs.urz.uni-halle.de\/waldecker\/wp-json\/wp\/v2\/users\/4215"}],"replies":[{"embeddable":true,"href":"https:\/\/blogs.urz.uni-halle.de\/waldecker\/wp-json\/wp\/v2\/comments?post=144"}],"version-history":[{"count":3,"href":"https:\/\/blogs.urz.uni-halle.de\/waldecker\/wp-json\/wp\/v2\/posts\/144\/revisions"}],"predecessor-version":[{"id":147,"href":"https:\/\/blogs.urz.uni-halle.de\/waldecker\/wp-json\/wp\/v2\/posts\/144\/revisions\/147"}],"wp:attachment":[{"href":"https:\/\/blogs.urz.uni-halle.de\/waldecker\/wp-json\/wp\/v2\/media?parent=144"}],"wp:term":[{"taxonomy":"category","embeddable":true,"href":"https:\/\/blogs.urz.uni-halle.de\/waldecker\/wp-json\/wp\/v2\/categories?post=144"},{"taxonomy":"post_tag","embeddable":true,"href":"https:\/\/blogs.urz.uni-halle.de\/waldecker\/wp-json\/wp\/v2\/tags?post=144"}],"curies":[{"name":"wp","href":"https:\/\/api.w.org\/{rel}","templated":true}]}}