{"id":645,"date":"2024-10-17T09:17:09","date_gmt":"2024-10-17T07:17:09","guid":{"rendered":"https:\/\/blogs.urz.uni-halle.de\/waldecker\/?p=645"},"modified":"2024-10-17T09:17:32","modified_gmt":"2024-10-17T07:17:32","slug":"erstis","status":"publish","type":"post","link":"https:\/\/blogs.urz.uni-halle.de\/waldecker\/2024\/10\/erstis\/","title":{"rendered":"Erstis"},"content":{"rendered":"\n<p>Ich mag Erstis.<br>Nicht jedes Jahr, aber so alle zwei, drei Jahre ist es ganz toll, eine Ersti-Vorlesung zu halten. Jedes Mal ist es anders, deswegen bin ich auch jedes Mal nerv\u00f6s, wenn ich in der ersten Vorlesungswoche in den gro\u00dfen H\u00f6rsaal komme und dort die angespannten Gesichter sehe. Mit Gl\u00fcck ist es freudige Anspannung, so wie bei mir, aber ich schaue auch manchmal in besorgte Gesichter. Ich wei\u00df nicht, mit welchen Erwartungen die Studis da sitzen, was sie schon \u00fcber das Mathe-Studium wissen und ob es \u00fcberhaupt ihr erstes Studienjahr ist. Manche brauchen mehrere Anl\u00e4ufe, bis sie die Grundvorlesungen erfolgreich abschlie\u00dfen, und dann sitzen sie dort vielleicht schon mit Frust, mit wenig Motivation oder mit gro\u00dfen Zweifeln, was die eigenenen F\u00e4higkeiten betrifft. Es gibt auch Studis, die nach mehreren Versuchen verstanden haben, wo es klemmt, und die dann mit einer &#8222;Jetzt aber wirklich!&#8220;-Haltung in der Vorlesung sitzen.<\/p>\n\n\n\n<p>In jedem Fall sind Ersti-Vorlesungen auf mehrfache Weise einzigartig. Da sitzt eine gro\u00dfe, sehr heterogene Gruppe von Menschen im H\u00f6rsaal. Da ist sehr viel Neugier und Offenheit, ganz viel Staunen. Im besten Fall gelingt es mir, das zu halten und die Studis immer wieder zu ermutigen, neugierig zu bleiben und ganz viele Fragen zu stellen. Denn auch wenn manche Themen Dauerbrenner sind und manche Missverst\u00e4ndnisse immer wieder auftreten: Es ist jedes Mal eine neue Erfahrung f\u00fcr mich und ein gro\u00dfes Wunder, wo und wie die Groschen fallen und wo es Schwierigkeiten gibt. Jedes Mal lerne ich durch die R\u00fcckfragen der Studis so viel dazu, und jedes Mal machen die Fehler und die Missverst\u00e4ndnisse deutlich, wie die Studis ihren eigenen Weg in den Stoff hinein denken und wo sie stolpern. Ist \u00fcberhaupt sinnvoll, zu versuchen, m\u00f6glichst viele dieser Stolpersteine aus dem Weg zu r\u00e4umen? Klar freue ich mich, wenn viele richtige Antworten kommen und kluge, weiterf\u00fchrende Fragen. Aber vielleicht lerne ich als Dozentin mehr, wenn ich die Denkfehler sehe, die Fehlversuche, die im Brustton der \u00dcberzeugung vorgetragenen falschen Antworten. Und wenn meine Fragenraupe Jean-Luc dieses Jahr fast gar keine Fragen bekommt (ganz anders als sonst), dann \u00fcberlege ich zuerst, ob ich etwas falsch gemacht habe und ob ich die Studis nicht genug ermutigt habe, Fragen zu stellen und W\u00fcnsche zu \u00e4u\u00dfern. Erst der zweite Gedanke ist, dass es ja auch sein kann, dass sie sich miteinander im H\u00f6rsaal so wohl f\u00fchlen und so sicher, dass sie einfach alle Fragen dort loswerden und die M\u00f6glichkeit f\u00fcr anonyme Fragen gar nicht so sehr brauchen.<\/p>\n\n\n\n<p>Und ehrlich gesagt finde ich den Gedanken sehr sch\u00f6n, dass ein H\u00f6rsaal ein Ort sein kann, an dem viele Menschen gemeinsam lernen, sich gegenseitig zuh\u00f6ren, gemeinsam Fehler machen und Fragen stellen, ohne die Sorge zu haben, dass jemand lacht.<\/p>\n\n\n\n<p>Wo und in welchen Situationen halten Sie sich mit Fragen oder mit kritischen Bemerkungen zur\u00fcck?<br>Was k\u00f6nnten Sie dazu beitragen, dass Sie und andere sich mit ihren Fragen und Kommentaren wohler f\u00fchlen und offen sprechen?<\/p>\n","protected":false},"excerpt":{"rendered":"<p>Ich mag Erstis.Nicht jedes Jahr, aber so alle zwei, drei Jahre ist es ganz toll, eine Ersti-Vorlesung zu halten. Jedes Mal ist es anders, deswegen bin ich auch jedes Mal nerv\u00f6s, wenn ich in der ersten Vorlesungswoche in den gro\u00dfen H\u00f6rsaal komme und dort die angespannten Gesichter sehe. Mit Gl\u00fcck ist es freudige Anspannung, so [&hellip;]<\/p>\n","protected":false},"author":4215,"featured_media":0,"comment_status":"open","ping_status":"open","sticky":false,"template":"","format":"standard","meta":{"ngg_post_thumbnail":0},"categories":[1],"tags":[],"_links":{"self":[{"href":"https:\/\/blogs.urz.uni-halle.de\/waldecker\/wp-json\/wp\/v2\/posts\/645"}],"collection":[{"href":"https:\/\/blogs.urz.uni-halle.de\/waldecker\/wp-json\/wp\/v2\/posts"}],"about":[{"href":"https:\/\/blogs.urz.uni-halle.de\/waldecker\/wp-json\/wp\/v2\/types\/post"}],"author":[{"embeddable":true,"href":"https:\/\/blogs.urz.uni-halle.de\/waldecker\/wp-json\/wp\/v2\/users\/4215"}],"replies":[{"embeddable":true,"href":"https:\/\/blogs.urz.uni-halle.de\/waldecker\/wp-json\/wp\/v2\/comments?post=645"}],"version-history":[{"count":2,"href":"https:\/\/blogs.urz.uni-halle.de\/waldecker\/wp-json\/wp\/v2\/posts\/645\/revisions"}],"predecessor-version":[{"id":647,"href":"https:\/\/blogs.urz.uni-halle.de\/waldecker\/wp-json\/wp\/v2\/posts\/645\/revisions\/647"}],"wp:attachment":[{"href":"https:\/\/blogs.urz.uni-halle.de\/waldecker\/wp-json\/wp\/v2\/media?parent=645"}],"wp:term":[{"taxonomy":"category","embeddable":true,"href":"https:\/\/blogs.urz.uni-halle.de\/waldecker\/wp-json\/wp\/v2\/categories?post=645"},{"taxonomy":"post_tag","embeddable":true,"href":"https:\/\/blogs.urz.uni-halle.de\/waldecker\/wp-json\/wp\/v2\/tags?post=645"}],"curies":[{"name":"wp","href":"https:\/\/api.w.org\/{rel}","templated":true}]}}